{"id":4008,"date":"2021-07-02T07:25:31","date_gmt":"2021-07-02T05:25:31","guid":{"rendered":"https:\/\/www.cp-immo.at\/home\/?p=4008"},"modified":"2021-07-02T07:25:31","modified_gmt":"2021-07-02T05:25:31","slug":"cloud-gtesiegel","status":"publish","type":"post","link":"https:\/\/www.cp-immo.at\/home\/cloud-gtesiegel\/","title":{"rendered":"&Ouml;-Cloud G&uuml;tesiegel"},"content":{"rendered":"<p><a href=\"https:\/\/www.cp-immo.at\/home\/wp-content\/uploads\/2021\/07\/image-3.png\"><img loading=\"lazy\" decoding=\"async\" style=\"margin: 0px 15px 15px 0px; border: 0px currentcolor; float: left; display: inline; background-image: none;\" title=\"image\" src=\"https:\/\/www.cp-immo.at\/home\/wp-content\/uploads\/2021\/07\/image_thumb-2.png\" alt=\"image\" width=\"240\" height=\"171\" align=\"left\" border=\"0\"><\/a>F\u00fcr unsere L\u00f6sung \u201cd+ Rechnungswesen cloud\u201d konnten wir aktuell das <a href=\"https:\/\/www.digitalaustria.gv.at\/schwerpunktthemen\/Oe_Cloud.html\" target=\"_blank\" rel=\"noopener\">\u00d6-Cloud G\u00fctesiegel<\/a> erlangen. Dieses dokumentiert strenge Standards bei Datenschutz, Cybersicherheit, Datenaustausch, Transparenz, Offenheit und Verl\u00e4sslichkeit und garantiert, dass Daten sicher in \u00d6sterreich bzw. Europa verwaltet werden &#8211; und dass Daten nicht zweckentfremdet werden k\u00f6nnen.<\/p>\n<p><center><iframe loading=\"lazy\" src=\"https:\/\/www.youtube.com\/embed\/ifLnoNHMNtA\" width=\"560\" height=\"315\" frameborder=\"0\" allowfullscreen=\"allowfullscreen\"><\/iframe><\/center>Das G\u00fctesiegel soll Vertrauen in \u00d6sterreichische Cloud-Software schaffen und den hohen Qualit\u00e4tsanspruch, den wir selbst an uns stellen, ausweisen. Ende Juni erfolgte die offizielle Verleihung der Zertifizierung durch Frau Margarete Schramb\u00f6ck, Bundesministerin f\u00fcr Digitalisierung und Wirtschaftsstandort.<\/p>\n<p><img loading=\"lazy\" decoding=\"async\" style=\"margin-right: auto; margin-left: auto; float: none; display: block; background-image: none;\" title=\"2021-06-30 \u00d6cloud 02\" src=\"https:\/\/www.cp-immo.at\/home\/wp-content\/uploads\/2021\/07\/2021-06-30-Oecloud-02.jpg\" alt=\"2021-06-30 \u00d6cloud 02\" width=\"644\" height=\"431\" border=\"0\"><\/p>\n<p><a href=\"https:\/\/oe-cloud.eurocloud.at\/veroeffentlichung\/\" target=\"_blank\" rel=\"noopener\">Hier eine \u00dcbersicht<\/a> von Softwarel\u00f6sungen, die sich f\u00fcr dieses G\u00fctesiegel zertifizieren konnten.<\/p>\n","protected":false},"excerpt":{"rendered":"<p>F\u00fcr unsere L\u00f6sung \u201cd+ Rechnungswesen cloud\u201d konnten wir aktuell das \u00d6-Cloud G\u00fctesiegel erlangen. Dieses dokumentiert strenge Standards bei Datenschutz, Cybersicherheit, &#8230; <a title=\"&Ouml;-Cloud G&uuml;tesiegel\" class=\"read-more\" href=\"https:\/\/www.cp-immo.at\/home\/cloud-gtesiegel\/\" aria-label=\"Mehr Informationen \u00fcber &Ouml;-Cloud G&uuml;tesiegel\">Weiterlesen<\/a><\/p>\n","protected":false},"author":6,"featured_media":4012,"comment_status":"closed","ping_status":"closed","sticky":false,"template":"","format":"standard","meta":{"_bbp_topic_count":0,"_bbp_reply_count":0,"_bbp_total_topic_count":0,"_bbp_total_reply_count":0,"_bbp_voice_count":0,"_bbp_anonymous_reply_count":0,"_bbp_topic_count_hidden":0,"_bbp_reply_count_hidden":0,"_bbp_forum_subforum_count":0,"ngg_post_thumbnail":0,"footnotes":""},"categories":[1],"tags":[],"class_list":["post-4008","post","type-post","status-publish","format-standard","has-post-thumbnail","hentry","category-news","resize-featured-image"],"_links":{"self":[{"href":"https:\/\/www.cp-immo.at\/home\/wp-json\/wp\/v2\/posts\/4008","targetHints":{"allow":["GET"]}}],"collection":[{"href":"https:\/\/www.cp-immo.at\/home\/wp-json\/wp\/v2\/posts"}],"about":[{"href":"https:\/\/www.cp-immo.at\/home\/wp-json\/wp\/v2\/types\/post"}],"author":[{"embeddable":true,"href":"https:\/\/www.cp-immo.at\/home\/wp-json\/wp\/v2\/users\/6"}],"replies":[{"embeddable":true,"href":"https:\/\/www.cp-immo.at\/home\/wp-json\/wp\/v2\/comments?post=4008"}],"version-history":[{"count":6,"href":"https:\/\/www.cp-immo.at\/home\/wp-json\/wp\/v2\/posts\/4008\/revisions"}],"predecessor-version":[{"id":4016,"href":"https:\/\/www.cp-immo.at\/home\/wp-json\/wp\/v2\/posts\/4008\/revisions\/4016"}],"wp:featuredmedia":[{"embeddable":true,"href":"https:\/\/www.cp-immo.at\/home\/wp-json\/wp\/v2\/media\/4012"}],"wp:attachment":[{"href":"https:\/\/www.cp-immo.at\/home\/wp-json\/wp\/v2\/media?parent=4008"}],"wp:term":[{"taxonomy":"category","embeddable":true,"href":"https:\/\/www.cp-immo.at\/home\/wp-json\/wp\/v2\/categories?post=4008"},{"taxonomy":"post_tag","embeddable":true,"href":"https:\/\/www.cp-immo.at\/home\/wp-json\/wp\/v2\/tags?post=4008"}],"curies":[{"name":"wp","href":"https:\/\/api.w.org\/{rel}","templated":true}]}}